{"id":506,"date":"2018-01-24T10:14:11","date_gmt":"2018-01-24T09:14:11","guid":{"rendered":"http:\/\/www.cressy.ch\/?p=506"},"modified":"2018-01-24T10:14:11","modified_gmt":"2018-01-24T09:14:11","slug":"vide-grenier-de-cressy-2018","status":"publish","type":"post","link":"https:\/\/cressy.ch\/index.php\/2018\/01\/24\/vide-grenier-de-cressy-2018\/","title":{"rendered":"VIDE-GRENIER DE CRESSY 2018"},"content":{"rendered":"<p><img loading=\"lazy\" decoding=\"async\" data-attachment-id=\"504\" data-permalink=\"https:\/\/cressy.ch\/index.php\/events\/event\/le-vide-grenier-de-cressy-2018\/vide-grenier-2018\/\" data-orig-file=\"https:\/\/i0.wp.com\/cressy.ch\/wp-content\/uploads\/2018\/01\/vide-grenier-2018.jpg?fit=550%2C786&amp;ssl=1\" data-orig-size=\"550,786\" data-comments-opened=\"0\" data-image-meta=\"{&quot;aperture&quot;:&quot;0&quot;,&quot;credit&quot;:&quot;ChPeretti&quot;,&quot;camera&quot;:&quot;&quot;,&quot;caption&quot;:&quot;&quot;,&quot;created_timestamp&quot;:&quot;1516788532&quot;,&quot;copyright&quot;:&quot;&quot;,&quot;focal_length&quot;:&quot;0&quot;,&quot;iso&quot;:&quot;0&quot;,&quot;shutter_speed&quot;:&quot;0&quot;,&quot;title&quot;:&quot;&quot;,&quot;orientation&quot;:&quot;0&quot;}\" data-image-title=\"vide grenier 2018\" data-image-description=\"\" data-image-caption=\"\" data-medium-file=\"https:\/\/i0.wp.com\/cressy.ch\/wp-content\/uploads\/2018\/01\/vide-grenier-2018.jpg?fit=210%2C300&amp;ssl=1\" data-large-file=\"https:\/\/i0.wp.com\/cressy.ch\/wp-content\/uploads\/2018\/01\/vide-grenier-2018.jpg?fit=550%2C786&amp;ssl=1\" class=\"aligncenter size-full wp-image-504\" src=\"https:\/\/i0.wp.com\/www.cressy.ch\/wp-content\/uploads\/2018\/01\/vide-grenier-2018.jpg?resize=550%2C786\" alt=\"\" width=\"550\" height=\"786\" srcset=\"https:\/\/i0.wp.com\/cressy.ch\/wp-content\/uploads\/2018\/01\/vide-grenier-2018.jpg?w=550&amp;ssl=1 550w, https:\/\/i0.wp.com\/cressy.ch\/wp-content\/uploads\/2018\/01\/vide-grenier-2018.jpg?resize=210%2C300&amp;ssl=1 210w, https:\/\/i0.wp.com\/cressy.ch\/wp-content\/uploads\/2018\/01\/vide-grenier-2018.jpg?resize=105%2C150&amp;ssl=1 105w\" sizes=\"(max-width: 550px) 100vw, 550px\" data-recalc-dims=\"1\" \/><\/p>\n","protected":false},"excerpt":{"rendered":"","protected":false},"author":1,"featured_media":0,"comment_status":"closed","ping_status":"closed","sticky":false,"template":"","format":"standard","meta":{"jetpack_post_was_ever_published":false,"_jetpack_newsletter_access":"","_jetpack_newsletter_tier_id":0,"footnotes":"","jetpack_publicize_message":"","jetpack_is_tweetstorm":false,"jetpack_publicize_feature_enabled":true,"jetpack_social_post_already_shared":true,"jetpack_social_options":{"image_generator_settings":{"template":"highway","enabled":false}}},"categories":[1],"tags":[],"jetpack_publicize_connections":[],"jetpack_featured_media_url":"","jetpack_sharing_enabled":true,"jetpack_shortlink":"https:\/\/wp.me\/p7Ajlu-8a","jetpack-related-posts":[{"id":397,"url":"https:\/\/cressy.ch\/index.php\/2017\/01\/23\/vide-grenier\/","url_meta":{"origin":506,"position":0},"title":"vide grenier 2017","author":"chperetti","date":"23 janvier 2017","format":false,"excerpt":"\u00a0 t\u00e9l\u00e9charger le R\u00e8glement vide-grenier 2017","rel":"","context":"Dans &quot;Non class\u00e9&quot;","block_context":{"text":"Non class\u00e9","link":"https:\/\/cressy.ch\/index.php\/category\/non-classe\/"},"img":{"alt_text":"","src":"https:\/\/i0.wp.com\/www.cressy.ch\/wp-content\/uploads\/2017\/01\/Affiche-vide-grenier-2017-page-001.jpg?resize=350%2C200","width":350,"height":200,"srcset":"https:\/\/i0.wp.com\/www.cressy.ch\/wp-content\/uploads\/2017\/01\/Affiche-vide-grenier-2017-page-001.jpg?resize=350%2C200 1x, https:\/\/i0.wp.com\/www.cressy.ch\/wp-content\/uploads\/2017\/01\/Affiche-vide-grenier-2017-page-001.jpg?resize=525%2C300 1.5x, https:\/\/i0.wp.com\/www.cressy.ch\/wp-content\/uploads\/2017\/01\/Affiche-vide-grenier-2017-page-001.jpg?resize=700%2C400 2x, https:\/\/i0.wp.com\/www.cressy.ch\/wp-content\/uploads\/2017\/01\/Affiche-vide-grenier-2017-page-001.jpg?resize=1050%2C600 3x"},"classes":[]},{"id":549,"url":"https:\/\/cressy.ch\/index.php\/2019\/02\/01\/vide-grenier-2019\/","url_meta":{"origin":506,"position":1},"title":"VIDE GRENIER 2019","author":"chperetti","date":"1 f\u00e9vrier 2019","format":false,"excerpt":"","rel":"","context":"Dans &quot;vide grenier&quot;","block_context":{"text":"vide grenier","link":"https:\/\/cressy.ch\/index.php\/category\/vide-grenier\/"},"img":{"alt_text":"","src":"https:\/\/i0.wp.com\/www.cressy.ch\/wp-content\/uploads\/2019\/02\/videGrenier2019-1.jpg?resize=350%2C200","width":350,"height":200,"srcset":"https:\/\/i0.wp.com\/www.cressy.ch\/wp-content\/uploads\/2019\/02\/videGrenier2019-1.jpg?resize=350%2C200 1x, https:\/\/i0.wp.com\/www.cressy.ch\/wp-content\/uploads\/2019\/02\/videGrenier2019-1.jpg?resize=525%2C300 1.5x"},"classes":[]},{"id":425,"url":"https:\/\/cressy.ch\/index.php\/2017\/06\/06\/le-vide-grenier-2017-a-eu-lieu\/","url_meta":{"origin":506,"position":2},"title":"VIDE-GRENIER 2017 A EU LIEU","author":"chperetti","date":"6 juin 2017","format":false,"excerpt":"Vive le vide-grenier\u00a0! Voil\u00e0 l\u2019expression qui est venue \u00e0 l\u2019esprit des petites fourmis orange apr\u00e8s cette magnifique journ\u00e9e du 9 avril. Ce vide-grenier 2017 a eu lieu sous le signe de la convivialit\u00e9, de l\u2019amabilit\u00e9, de l\u2019entraide et de la bonne humeur. Les jeunes sous la houlette du BUPP ont\u2026","rel":"","context":"Dans &quot;Non class\u00e9&quot;","block_context":{"text":"Non class\u00e9","link":"https:\/\/cressy.ch\/index.php\/category\/non-classe\/"},"img":{"alt_text":"","src":"","width":0,"height":0},"classes":[]},{"id":492,"url":"https:\/\/cressy.ch\/index.php\/2018\/01\/10\/agenda-2018\/","url_meta":{"origin":506,"position":3},"title":"Agenda 2018","author":"chperetti","date":"10 janvier 2018","format":false,"excerpt":"","rel":"","context":"Dans &quot;Non class\u00e9&quot;","block_context":{"text":"Non class\u00e9","link":"https:\/\/cressy.ch\/index.php\/category\/non-classe\/"},"img":{"alt_text":"","src":"https:\/\/i0.wp.com\/www.cressy.ch\/wp-content\/uploads\/2018\/01\/Agenda-2018.jpg?resize=350%2C200","width":350,"height":200},"classes":[]},{"id":61,"url":"https:\/\/cressy.ch\/index.php\/2016\/05\/13\/le-vide-grenier-a-eu-lieu\/","url_meta":{"origin":506,"position":4},"title":"Le vide-grenier a eu lieu","author":"chperetti","date":"13 mai 2016","format":false,"excerpt":"LE VIDE-GRENIER A EU LIEU Cette ann\u00e9e l\u2019hiver n\u2019en finit pas de se prolonger malgr\u00e9 l\u2019\u00e9closion des bourgeons et des fleurs. Les fourmis orange de l\u2019AHC s\u2019en sont tr\u00e8s vite rendu compte et cela les a laiss\u00e9s un peu perplexes et stress\u00e9es. Quel temps allait-il faire pour cette 11e \u00e9dition\u2026","rel":"","context":"Dans &quot;Non class\u00e9&quot;","block_context":{"text":"Non class\u00e9","link":"https:\/\/cressy.ch\/index.php\/category\/non-classe\/"},"img":{"alt_text":"","src":"","width":0,"height":0},"classes":[]},{"id":649,"url":"https:\/\/cressy.ch\/index.php\/2022\/03\/09\/soiree-patinage-26-02-2022\/","url_meta":{"origin":506,"position":5},"title":"SOIREE PATINAGE 26.02.2022","author":"Nad\u00e8ge Pittet","date":"9 mars 2022","format":false,"excerpt":"La privatisation de la patinoire nous a \u00e9t\u00e9 offerte par la commune de Bernex. Nous l'avons r\u00e9serv\u00e9e pour le samedi 26 f\u00e9vrier de 19h \u00e0 21h. A cette occasion nous avons r\u00e9uni 40 membres familles. Une collation et des boissons\u00a0 leur ont \u00e9t\u00e9 offertent.","rel":"","context":"Dans &quot;Non class\u00e9&quot;","block_context":{"text":"Non class\u00e9","link":"https:\/\/cressy.ch\/index.php\/category\/non-classe\/"},"img":{"alt_text":"","src":"","width":0,"height":0},"classes":[]}],"_links":{"self":[{"href":"https:\/\/cressy.ch\/index.php\/wp-json\/wp\/v2\/posts\/506"}],"collection":[{"href":"https:\/\/cressy.ch\/index.php\/wp-json\/wp\/v2\/posts"}],"about":[{"href":"https:\/\/cressy.ch\/index.php\/wp-json\/wp\/v2\/types\/post"}],"author":[{"embeddable":true,"href":"https:\/\/cressy.ch\/index.php\/wp-json\/wp\/v2\/users\/1"}],"replies":[{"embeddable":true,"href":"https:\/\/cressy.ch\/index.php\/wp-json\/wp\/v2\/comments?post=506"}],"version-history":[{"count":1,"href":"https:\/\/cressy.ch\/index.php\/wp-json\/wp\/v2\/posts\/506\/revisions"}],"predecessor-version":[{"id":507,"href":"https:\/\/cressy.ch\/index.php\/wp-json\/wp\/v2\/posts\/506\/revisions\/507"}],"wp:attachment":[{"href":"https:\/\/cressy.ch\/index.php\/wp-json\/wp\/v2\/media?parent=506"}],"wp:term":[{"taxonomy":"category","embeddable":true,"href":"https:\/\/cressy.ch\/index.php\/wp-json\/wp\/v2\/categories?post=506"},{"taxonomy":"post_tag","embeddable":true,"href":"https:\/\/cressy.ch\/index.php\/wp-json\/wp\/v2\/tags?post=506"}],"curies":[{"name":"wp","href":"https:\/\/api.w.org\/{rel}","templated":true}]}}